{"id":277,"date":"2024-01-16T13:05:19","date_gmt":"2024-01-16T12:05:19","guid":{"rendered":"https:\/\/www.allewohlstand.org\/?p=277"},"modified":"2024-01-17T08:59:07","modified_gmt":"2024-01-17T07:59:07","slug":"ungleichheit-in-praxis-und-theorie","status":"publish","type":"post","link":"https:\/\/www.allewohlstand.org\/index.php\/ungleichheit-in-praxis-und-theorie\/","title":{"rendered":"Welche Theorie erkl\u00e4rt die wachsende Ungleichheit?"},"content":{"rendered":"\n<p>In der aktuellen <strong>Oxfam<\/strong> Studie &#8222;<a href=\"https:\/\/www.oxfam.org\/en\/research\/inequality-inc\" data-type=\"link\" data-id=\"https:\/\/www.oxfam.org\/en\/research\/inequality-inc\" target=\"_blank\" rel=\"noreferrer noopener\">Inequality Inc<\/a>&#8220; zur wachsenden sozialen Ungleichheit wird ein sehr anschauliches Beispiel gezeigt:<\/p>\n\n\n\n<p>&#8222;Die f\u00fcnf wohlhabendsten M\u00e4nner der Welt &#8211; dazu z\u00e4hlen etwa der Tesla-Chef Elon Musk und Amazon-Gr\u00fcnder Jeff Bezos &#8211; haben ihr Verm\u00f6gen seit 2020 von 405 Milliarden US-Dollar auf 869 Milliarden US-Dollar mehr als verdoppelt.<br>Im selben Zeitraum haben die \u00e4rmeren 60 Prozent der Welt, mehr als 4,7 Milliarden Menschen, 20 Milliarden US-Dollar verloren.&#8220;<\/p>\n\n\n\n<p>Die meisten Modelle der traditionellen Wirtschaftslehre k\u00f6nnen diese Fakten <strong>nicht<\/strong> erkl\u00e4ren.<br>Sie nehmen irrigerweise an, dass sich das Verm\u00f6gen einer einzelnen Person an den Mittelwert des Gesamtverm\u00f6gens aller Personen zu einem bestimmten Zeitpunkt ann\u00e4hern w\u00fcrde (sog. <em>ergodische Hypothese<\/em>) und somit langfristig stabil sei.<br>Die Fakten der Realit\u00e4t (wie auch in dieser Oxfam Studie) zeigen aber laufend, dass diese Annahme bei einem multiplikativen Prozess wie der Verm\u00f6gensentwicklung falsch ist. Das Verm\u00f6gen einer einzelnen Person n\u00e4hert sich nur dem Erwartungswert \u00fcber die individuelle Zeitachse und der ist f\u00fcr die meisten leider negativ, wenn es keine ausreichende Umverteilung in der Form von Verm\u00f6gen- und Erbschaftsteuern gibt.<\/p>\n\n\n\n<p>Das Wesen lebender Systeme und des Kapitalismus ist multiplikativer Natur: <strong>Kapital wird dazu eingesetzt, mehr von sich selbst zu erzeugen<\/strong>. Solche Systeme werden besser durch die Theorie der <a href=\"https:\/\/de.wikipedia.org\/wiki\/Geometrische_brownsche_Bewegung\" data-type=\"link\" data-id=\"https:\/\/de.wikipedia.org\/wiki\/Geometrische_brownsche_Bewegung\">Geometrischen Brownschen Bewegung<\/a> erkl\u00e4rt.<br><br>Das kann man gut in unserem Simulationsmodell nachvollziehen:<br><a href=\"https:\/\/rnagler.shinyapps.io\/wohlstandshinydashboard\/\" data-type=\"link\" data-id=\"https:\/\/rnagler.shinyapps.io\/wohlstandshinydashboard\/\">Warum werden Reiche immer reicher?<\/a><br>Wir erkennen, dass eine Steigerung des allgemeinen Bruttosozialprodukts keinesfalls dazu f\u00fchrt, dass alle Menschen reicher werden.<\/p>\n\n\n\n<p>Ole Peters, der die mathematischen Grundlagen daf\u00fcr entwickelt hat, schreibt dazu:<br>&#8222;In der \u00d6konomie des multiplikativen Verm\u00f6gens &#8211; des Kapitalismus &#8211; k\u00f6nnen wir 3 Alternativen beobachten:&#8220;<\/p>\n\n\n\n<ul class=\"wp-block-list\">\n<li>Wenn wir <strong>nichts tun<\/strong>, w\u00e4chst die Ungleichheit ins Unendliche.<\/li>\n\n\n\n<li>Wenn wir <strong>schnell genug umverteilen<\/strong>, kann sich die Ungleichheit auf einem bestimmten Level stabilisieren.<\/li>\n\n\n\n<li>Wenn wir jedoch <strong>aktiv destabilisieren<\/strong>, wie wir es offensichtlich in den letzten Jahren getan haben, <strong>verschwindet der Mittelstand<\/strong>. Eine arme Person, die brav wirtschaftet, wird dann immer \u00e4rmer und kann nie mehr zum Mittelstand aufsteigen. Ebenso wird eine reiche Person, die sich vern\u00fcnftig verh\u00e4lt, automatisch immer reicher werden und nie mehr in den Mittelstand absteigen k\u00f6nnen.<\/li>\n<\/ul>\n\n\n\n<p>Siehe auch:<br><a href=\"https:\/\/ergodicityeconomics.com\/2017\/08\/14\/wealth-redistribution-and-interest-rates\/\" data-type=\"link\" data-id=\"https:\/\/ergodicityeconomics.com\/2017\/08\/14\/wealth-redistribution-and-interest-rates\/\">Wealth: redistribution and interest rates<\/a><br><a href=\"https:\/\/www.derstandard.at\/story\/3000000203139\/die-fuenf-reichsten-der-welt-haben-ihr-vermoegen-seit-2020-verdoppelt\" data-type=\"link\" data-id=\"https:\/\/www.derstandard.at\/story\/3000000203139\/die-fuenf-reichsten-der-welt-haben-ihr-vermoegen-seit-2020-verdoppelt\">DerStandard: Reiche werden reicher<\/a><br><\/p>\n","protected":false},"excerpt":{"rendered":"<p>In der aktuellen Oxfam Studie &#8222;Inequality Inc&#8220; zur wachsenden sozialen Ungleichheit wird ein sehr anschauliches Beispiel gezeigt: &#8222;Die f\u00fcnf wohlhabendsten M\u00e4nner der Welt &#8211; dazu z\u00e4hlen etwa der Tesla-Chef Elon Musk und Amazon-Gr\u00fcnder Jeff Bezos &#8211; haben ihr Verm\u00f6gen seit 2020 von 405 Milliarden US-Dollar auf 869 Milliarden US-Dollar mehr als verdoppelt.Im selben Zeitraum haben &hellip; <a href=\"https:\/\/www.allewohlstand.org\/index.php\/ungleichheit-in-praxis-und-theorie\/\" class=\"more-link\">Continue reading<span class=\"screen-reader-text\"> &#8222;Welche Theorie erkl\u00e4rt die wachsende Ungleichheit?&#8220;<\/span><\/a><\/p>\n","protected":false},"author":1,"featured_media":0,"comment_status":"open","ping_status":"open","sticky":false,"template":"","format":"standard","meta":{"footnotes":""},"categories":[1],"tags":[21,23,24,20,22,25,13],"class_list":["post-277","post","type-post","status-publish","format-standard","hentry","category-allgemein","tag-ergodizizaet","tag-modell","tag-oekonomie","tag-oxfam","tag-steuern","tag-theorie","tag-ungleichheit"],"_links":{"self":[{"href":"https:\/\/www.allewohlstand.org\/index.php\/wp-json\/wp\/v2\/posts\/277","targetHints":{"allow":["GET"]}}],"collection":[{"href":"https:\/\/www.allewohlstand.org\/index.php\/wp-json\/wp\/v2\/posts"}],"about":[{"href":"https:\/\/www.allewohlstand.org\/index.php\/wp-json\/wp\/v2\/types\/post"}],"author":[{"embeddable":true,"href":"https:\/\/www.allewohlstand.org\/index.php\/wp-json\/wp\/v2\/users\/1"}],"replies":[{"embeddable":true,"href":"https:\/\/www.allewohlstand.org\/index.php\/wp-json\/wp\/v2\/comments?post=277"}],"version-history":[{"count":6,"href":"https:\/\/www.allewohlstand.org\/index.php\/wp-json\/wp\/v2\/posts\/277\/revisions"}],"predecessor-version":[{"id":285,"href":"https:\/\/www.allewohlstand.org\/index.php\/wp-json\/wp\/v2\/posts\/277\/revisions\/285"}],"wp:attachment":[{"href":"https:\/\/www.allewohlstand.org\/index.php\/wp-json\/wp\/v2\/media?parent=277"}],"wp:term":[{"taxonomy":"category","embeddable":true,"href":"https:\/\/www.allewohlstand.org\/index.php\/wp-json\/wp\/v2\/categories?post=277"},{"taxonomy":"post_tag","embeddable":true,"href":"https:\/\/www.allewohlstand.org\/index.php\/wp-json\/wp\/v2\/tags?post=277"}],"curies":[{"name":"wp","href":"https:\/\/api.w.org\/{rel}","templated":true}]}}