{"id":412,"date":"2025-03-12T19:36:00","date_gmt":"2025-03-12T18:36:00","guid":{"rendered":"https:\/\/www.allewohlstand.org\/?p=412"},"modified":"2025-03-16T17:12:29","modified_gmt":"2025-03-16T16:12:29","slug":"stop-frauentisch-rosa-jochmann","status":"publish","type":"post","link":"https:\/\/www.allewohlstand.org\/index.php\/stop-frauentisch-rosa-jochmann\/","title":{"rendered":"StoP-Frauentisch: Rosa Jochmann"},"content":{"rendered":"\n<p>Am Mittwoch, <strong>12.M\u00e4rz 2025 um 9:30<\/strong> veranstaltete unser Verein in der <strong>B\u00fccherei Wieden, Favoritenstra\u00dfe 8, 1040 Wien<\/strong>, beim StoP-Frauentisch einen Vortrag mit Diskussion zu Ehren von Rosa Jochmann. Leitung: Dr. Elfriede Fritz.<\/p>\n\n\n\n<p><strong>Rosa Jochmann<\/strong>, *19.7. 1901, Wien | \u2020 28. 1. 1994, Wien war eine \u00f6sterreichische Widerstandsk\u00e4mpferin und sozialdemokratische Politikerin.<\/p>\n\n\n\n<h5 class=\"wp-block-heading\">Hier finden Sie das gesamte Referat von Frau Dr. Elfriede Fritz:<\/h5>\n\n\n\n<div data-wp-interactive=\"core\/file\" class=\"wp-block-file\"><object data-wp-bind--hidden=\"!state.hasPdfPreview\" hidden class=\"wp-block-file__embed\" data=\"https:\/\/www.allewohlstand.org\/wp-content\/uploads\/2025\/01\/Rosa-Jochmann-3.pdf\" type=\"application\/pdf\" style=\"width:100%;height:600px\" aria-label=\"Einbettung von Rosa Jochmann 3.\"><\/object><a id=\"wp-block-file--media-595dfecc-388e-4c26-91bd-9a6f4a7d4786\" href=\"https:\/\/www.allewohlstand.org\/wp-content\/uploads\/2025\/01\/Rosa-Jochmann-3.pdf\">Rosa Jochmann 3<\/a><a href=\"https:\/\/www.allewohlstand.org\/wp-content\/uploads\/2025\/01\/Rosa-Jochmann-3.pdf\" class=\"wp-block-file__button wp-element-button\" download aria-describedby=\"wp-block-file--media-595dfecc-388e-4c26-91bd-9a6f4a7d4786\">Herunterladen<\/a><\/div>\n\n\n\n<p>Als Zeitzeugin, ehemalige Widerstandsk\u00e4mpferin und \u00dcberlebende des nationalsozialistischen Frauenkonzentrationslagers Ravensbr\u00fcck, in dem sie unvorstellbare Gr\u00e4ueltaten miterleben musste, engagierte sie sich Zeit ihres Lebens f\u00fcr den Kampf gegen Rechtsextremismus, Antisemitismus, Faschismus und Rassismus.<br>In den 1920er Jahren trat die junge Arbeiterin der Sozialdemokratischen Arbeiterpartei bei und stieg rasch bis in die Parteispitze auf. Bereits 1932 war sie im Frauensekretariat der Partei aktiv, und auf dem letzten Parteitag 1933, vor dem Verbot der Sozialdemokratie, wurde Rosa Jochmann in den Parteivorstand gew\u00e4hlt. Nach dem Februar 1934 engagierte sich Rosa Jochmann bei den \u201cRevolution\u00e4ren Sozialisten\u201d, dabei arbeitete sie mit K\u00e4the Leichter und deren Mann Otto Leichter zusammen.<br>Im August 1934 wurde sie in Wiener Neustadt verhaftet und zu drei Monaten Polizeihaft sowie einem Jahr Kerker verurteilt. Im August 1939 wurde Rosa Jochmann von der Gestapo verhaftet, in \u201eSchutzhaft\u201c genommen und in das Frauenkonzentrationslager Ravensbr\u00fcck deportiert. Sie \u00fcberlebte f\u00fcnf Jahre in dem Lager, das im April 1945 von der Roten Armee befreit wurde.<br>Innerparteilich forderte sie (meist vergeblich) die aktive R\u00fcckholung \u00f6sterreichischer ExilantInnen, stand im Spannungsfeld mit den KommunistInnen und traf mit ihrer Erinnerungskultur nicht nur auf Zustimmung in der eigenen Partei.<\/p>\n\n\n\n<p>Hier finden Sie die Einladung:<\/p>\n\n\n\n<div data-wp-interactive=\"core\/file\" class=\"wp-block-file\"><object data-wp-bind--hidden=\"!state.hasPdfPreview\" hidden class=\"wp-block-file__embed\" data=\"https:\/\/www.allewohlstand.org\/wp-content\/uploads\/2025\/01\/FT_28_Flyer.pdf\" type=\"application\/pdf\" style=\"width:100%;height:600px\" aria-label=\"Einbettung von FT_28_Flyer.\"><\/object><a id=\"wp-block-file--media-9aca5fe9-4e7f-402c-a8cf-e38499fa8f0b\" href=\"https:\/\/www.allewohlstand.org\/wp-content\/uploads\/2025\/01\/FT_28_Flyer.pdf\">FT_28_Flyer<\/a><a href=\"https:\/\/www.allewohlstand.org\/wp-content\/uploads\/2025\/01\/FT_28_Flyer.pdf\" class=\"wp-block-file__button wp-element-button\" download aria-describedby=\"wp-block-file--media-9aca5fe9-4e7f-402c-a8cf-e38499fa8f0b\">Herunterladen<\/a><\/div>\n","protected":false},"excerpt":{"rendered":"<p>Am Mittwoch, 12.M\u00e4rz 2025 um 9:30 veranstaltete unser Verein in der B\u00fccherei Wieden, Favoritenstra\u00dfe 8, 1040 Wien, beim StoP-Frauentisch einen Vortrag mit Diskussion zu Ehren von Rosa Jochmann. Leitung: Dr. Elfriede Fritz. Rosa Jochmann, *19.7. 1901, Wien | \u2020 28. 1. 1994, Wien war eine \u00f6sterreichische Widerstandsk\u00e4mpferin und sozialdemokratische Politikerin. Hier finden Sie das gesamte &hellip; <a href=\"https:\/\/www.allewohlstand.org\/index.php\/stop-frauentisch-rosa-jochmann\/\" class=\"more-link\">Continue reading<span class=\"screen-reader-text\"> &#8222;StoP-Frauentisch: Rosa Jochmann&#8220;<\/span><\/a><\/p>\n","protected":false},"author":1,"featured_media":0,"comment_status":"open","ping_status":"open","sticky":false,"template":"","format":"standard","meta":{"footnotes":""},"categories":[1,19],"tags":[17,67,66,65,52,53,64],"class_list":["post-412","post","type-post","status-publish","format-standard","hentry","category-allgemein","category-veranstaltungen","tag-frauen","tag-gestapo","tag-konzentrationslager","tag-politikerin","tag-sozialdemokratie","tag-vortrag","tag-widerstandskaempferin"],"_links":{"self":[{"href":"https:\/\/www.allewohlstand.org\/index.php\/wp-json\/wp\/v2\/posts\/412","targetHints":{"allow":["GET"]}}],"collection":[{"href":"https:\/\/www.allewohlstand.org\/index.php\/wp-json\/wp\/v2\/posts"}],"about":[{"href":"https:\/\/www.allewohlstand.org\/index.php\/wp-json\/wp\/v2\/types\/post"}],"author":[{"embeddable":true,"href":"https:\/\/www.allewohlstand.org\/index.php\/wp-json\/wp\/v2\/users\/1"}],"replies":[{"embeddable":true,"href":"https:\/\/www.allewohlstand.org\/index.php\/wp-json\/wp\/v2\/comments?post=412"}],"version-history":[{"count":3,"href":"https:\/\/www.allewohlstand.org\/index.php\/wp-json\/wp\/v2\/posts\/412\/revisions"}],"predecessor-version":[{"id":435,"href":"https:\/\/www.allewohlstand.org\/index.php\/wp-json\/wp\/v2\/posts\/412\/revisions\/435"}],"wp:attachment":[{"href":"https:\/\/www.allewohlstand.org\/index.php\/wp-json\/wp\/v2\/media?parent=412"}],"wp:term":[{"taxonomy":"category","embeddable":true,"href":"https:\/\/www.allewohlstand.org\/index.php\/wp-json\/wp\/v2\/categories?post=412"},{"taxonomy":"post_tag","embeddable":true,"href":"https:\/\/www.allewohlstand.org\/index.php\/wp-json\/wp\/v2\/tags?post=412"}],"curies":[{"name":"wp","href":"https:\/\/api.w.org\/{rel}","templated":true}]}}