{"id":424,"date":"2025-03-13T12:37:14","date_gmt":"2025-03-13T11:37:14","guid":{"rendered":"https:\/\/www.allewohlstand.org\/?p=424"},"modified":"2025-03-16T19:39:35","modified_gmt":"2025-03-16T18:39:35","slug":"digitale-kompetenz","status":"publish","type":"post","link":"https:\/\/www.allewohlstand.org\/index.php\/digitale-kompetenz\/","title":{"rendered":"Workshop Digitale Kompetenz"},"content":{"rendered":"\n<h3 class=\"wp-block-heading\">Aktuelle Fragen zu K\u00fcnstlicher Intelligenz und Sozialen Netzwerken<\/h3>\n\n\n\n<p>Am <strong>Donnerstag, 3.4.2025 um 9:30<\/strong> veranstaltet unser Verein in der <br><strong>B\u00fccherei Wieden, Favoritenstra\u00dfe 8, 1040 Wien<\/strong> einen Workshop zu den vieldiskutierten Auswirkungen der aktuellen Informationstechnologie, von K\u00fcnstlicher Intelligenz und Sozialen Netzwerken auf unsere Kommunikation und Demokratie.<br>Leitung: Dipl.-Ing. Dr. Rupert Nagler. <br>Es sind keine Vorkenntnisse erforderlich; der Eintritt ist frei.<\/p>\n\n\n\n<p>Digitale Kompetenz erleichtert die t\u00e4gliche Nutzung von Computern und schafft Klarheit \u00fcber <strong>aktuelle Fragen der Informationstechnologie<\/strong>:<\/p>\n\n\n\n<ul class=\"wp-block-list\">\n<li>Bedroht K\u00fcnstliche Intelligenz unsere Demokratie, die Arbeitspl\u00e4tze, unser Denken und unsere Kreativit\u00e4t?<\/li>\n\n\n\n<li>Ver\u00e4ndert neue Informationstechnologie politische Machtverh\u00e4ltnisse?<\/li>\n\n\n\n<li>Worin unterscheiden sich Computernetzwerke von anderen Informationstechnologien (Tontafeln, Buchdruck oder Rundfunk)?<\/li>\n\n\n\n<li>Was macht Handys so attraktiv, besonders f\u00fcr unsere Kinder?<\/li>\n\n\n\n<li>Verst\u00e4rken Soziale Netzwerke den Rechtsruck?<\/li>\n\n\n\n<li>Bestimmen Internetkonzerne unsere Entscheidungen, nachdem sie schon Unmengen von Daten \u00fcber uns gesammelt haben?<\/li>\n\n\n\n<li>Monopolisieren Internet-Oligarchen unsere Kommunikationskan\u00e4le<\/li>\n\n\n\n<li>und manipulieren unsere Politik?<\/li>\n<\/ul>\n\n\n\n<p>In diesem Workshop beleuchten wir die Entwicklungsgeschichte, die Grundlagen und die Denkmodelle der aktuellen Informationstechnologie. Wir sch\u00e4rfen unser Verst\u00e4ndnis f\u00fcr Computer, Algorithmen und Programmierung, Internet, Cloud, soziale Netzwerke, Datenschutz, Kryptow\u00e4hrungen und K\u00fcnstliche Intelligenz. Wir veranschaulichen grundlegende Konzepte mit praktischen Beispielen zur pers\u00f6nlichen Anwendung und diskutieren \u00fcber die Chancen und Gefahren f\u00fcr unsere Zukunft.<\/p>\n\n\n\n<p>Hier finden Sie die Einladung:<\/p>\n\n\n\n<div data-wp-interactive=\"core\/file\" class=\"wp-block-file\"><object data-wp-bind--hidden=\"!state.hasPdfPreview\" hidden class=\"wp-block-file__embed\" data=\"https:\/\/www.allewohlstand.org\/wp-content\/uploads\/2025\/03\/Digitale_Kompetenz_Flyer_buecherei_wieden.pdf\" type=\"application\/pdf\" style=\"width:100%;height:600px\" aria-label=\"Einbettung von Digitale_Kompetenz_Flyer_buecherei_wieden.\"><\/object><a id=\"wp-block-file--media-008b5b94-2695-4522-b870-2d41713d999b\" href=\"https:\/\/www.allewohlstand.org\/wp-content\/uploads\/2025\/03\/Digitale_Kompetenz_Flyer_buecherei_wieden.pdf\">Digitale_Kompetenz_Flyer_buecherei_wieden<\/a><a href=\"https:\/\/www.allewohlstand.org\/wp-content\/uploads\/2025\/03\/Digitale_Kompetenz_Flyer_buecherei_wieden.pdf\" class=\"wp-block-file__button wp-element-button\" download aria-describedby=\"wp-block-file--media-008b5b94-2695-4522-b870-2d41713d999b\">Herunterladen<\/a><\/div>\n","protected":false},"excerpt":{"rendered":"<p>Aktuelle Fragen zu K\u00fcnstlicher Intelligenz und Sozialen Netzwerken Am Donnerstag, 3.4.2025 um 9:30 veranstaltet unser Verein in der B\u00fccherei Wieden, Favoritenstra\u00dfe 8, 1040 Wien einen Workshop zu den vieldiskutierten Auswirkungen der aktuellen Informationstechnologie, von K\u00fcnstlicher Intelligenz und Sozialen Netzwerken auf unsere Kommunikation und Demokratie.Leitung: Dipl.-Ing. Dr. Rupert Nagler. Es sind keine Vorkenntnisse erforderlich; der Eintritt &hellip; <a href=\"https:\/\/www.allewohlstand.org\/index.php\/digitale-kompetenz\/\" class=\"more-link\">Continue reading<span class=\"screen-reader-text\"> &#8222;Workshop Digitale Kompetenz&#8220;<\/span><\/a><\/p>\n","protected":false},"author":1,"featured_media":0,"comment_status":"open","ping_status":"open","sticky":false,"template":"","format":"standard","meta":{"footnotes":""},"categories":[19],"tags":[9,10,73,74,71,72],"class_list":["post-424","post","type-post","status-publish","format-standard","hentry","category-veranstaltungen","tag-bildung","tag-demokratie","tag-informationstechnologie","tag-kommunikation","tag-kuenstliche-intelligenz","tag-soziale-netzwerke"],"_links":{"self":[{"href":"https:\/\/www.allewohlstand.org\/index.php\/wp-json\/wp\/v2\/posts\/424","targetHints":{"allow":["GET"]}}],"collection":[{"href":"https:\/\/www.allewohlstand.org\/index.php\/wp-json\/wp\/v2\/posts"}],"about":[{"href":"https:\/\/www.allewohlstand.org\/index.php\/wp-json\/wp\/v2\/types\/post"}],"author":[{"embeddable":true,"href":"https:\/\/www.allewohlstand.org\/index.php\/wp-json\/wp\/v2\/users\/1"}],"replies":[{"embeddable":true,"href":"https:\/\/www.allewohlstand.org\/index.php\/wp-json\/wp\/v2\/comments?post=424"}],"version-history":[{"count":5,"href":"https:\/\/www.allewohlstand.org\/index.php\/wp-json\/wp\/v2\/posts\/424\/revisions"}],"predecessor-version":[{"id":437,"href":"https:\/\/www.allewohlstand.org\/index.php\/wp-json\/wp\/v2\/posts\/424\/revisions\/437"}],"wp:attachment":[{"href":"https:\/\/www.allewohlstand.org\/index.php\/wp-json\/wp\/v2\/media?parent=424"}],"wp:term":[{"taxonomy":"category","embeddable":true,"href":"https:\/\/www.allewohlstand.org\/index.php\/wp-json\/wp\/v2\/categories?post=424"},{"taxonomy":"post_tag","embeddable":true,"href":"https:\/\/www.allewohlstand.org\/index.php\/wp-json\/wp\/v2\/tags?post=424"}],"curies":[{"name":"wp","href":"https:\/\/api.w.org\/{rel}","templated":true}]}}